{"id":1655,"date":"2024-05-30T13:22:49","date_gmt":"2024-05-30T11:22:49","guid":{"rendered":"https:\/\/imker-hinwil.ch\/?p=1655"},"modified":"2024-10-08T16:35:06","modified_gmt":"2024-10-08T14:35:06","slug":"futtervorraete-ueberpruefen-3","status":"publish","type":"post","link":"https:\/\/imker-hinwil.ch\/?p=1655","title":{"rendered":"Futtervorr\u00e4te \u00fcberpr\u00fcfen"},"content":{"rendered":"\n<figure class=\"wp-block-image size-large is-resized\"><img loading=\"lazy\" decoding=\"async\" width=\"1024\" height=\"546\" src=\"https:\/\/imker-hinwil.ch\/wp-content\/uploads\/2024\/05\/image-2-1024x546.png\" alt=\"\" class=\"wp-image-1656\" style=\"width:707px;height:auto\" srcset=\"https:\/\/imker-hinwil.ch\/wp-content\/uploads\/2024\/05\/image-2-1024x546.png 1024w, https:\/\/imker-hinwil.ch\/wp-content\/uploads\/2024\/05\/image-2-300x160.png 300w, https:\/\/imker-hinwil.ch\/wp-content\/uploads\/2024\/05\/image-2-768x410.png 768w, https:\/\/imker-hinwil.ch\/wp-content\/uploads\/2024\/05\/image-2-1536x819.png 1536w, https:\/\/imker-hinwil.ch\/wp-content\/uploads\/2024\/05\/image-2-2048x1092.png 2048w, https:\/\/imker-hinwil.ch\/wp-content\/uploads\/2024\/05\/image-2-1320x704.png 1320w\" sizes=\"auto, (max-width: 1024px) 100vw, 1024px\" \/><\/figure>\n\n\n\n<p><\/p>\n\n\n\n<p>Wegen dem aktuell sehr wechselhaften Wetter und den mitunter tiefen Temperaturen, sind die Futtervorr\u00e4te je nach Region teilweise knapp geworden. \u00dcberpr\u00fcfen Sie jetzt bitte all Ihre V\u00f6lker. Bei Futterknappheit sind die Bienen umgehend zu f\u00fcttern, am besten mit betriebseigenem Honig oder Reserve-Futterwaben.<\/p>\n\n\n\n<p><a href=\"https:\/\/apiservice.us19.list-manage.com\/track\/click?u=d1f6a3850d064e89ce3467d45&amp;id=970ec8b6c6&amp;e=8b293d2e6a\" target=\"_blank\" rel=\"noreferrer noopener\">Merkblatt 4.2. F\u00fctterung<\/a><\/p>\n\n\n\n<h3 class=\"wp-block-heading\">N\u00e4chste Online Live-Veranstaltungen<\/h3>\n\n\n\n<p>Der BGD bietet \u00fcbers Internet kurze Weiterbildungssequenzen \u00e0 ca. 30 Minuten an.<br><br>Die n\u00e4chsten Anl\u00e4sse:<br>13.06.2024, 19:00 Uhr:&nbsp;<a href=\"https:\/\/apiservice.us19.list-manage.com\/track\/click?u=d1f6a3850d064e89ce3467d45&amp;id=1a0e014a26&amp;e=8b293d2e6a\">Sommerbehandlung mit Brutfreiheit<\/a><br>11.07.2024, 19:00 Uhr:&nbsp;<a href=\"https:\/\/apiservice.us19.list-manage.com\/track\/click?u=d1f6a3850d064e89ce3467d45&amp;id=5962c4bf22&amp;e=8b293d2e6a\">Sommerbehandlung mit Ameisens\u00e4ure<\/a><br>08.08.2024, 19:00 Uhr:&nbsp;<a href=\"https:\/\/apiservice.us19.list-manage.com\/track\/click?u=d1f6a3850d064e89ce3467d45&amp;id=1b4858ec1b&amp;e=8b293d2e6a\">Volkskontrolle und Volksst\u00e4rke<\/a><br><br><a href=\"https:\/\/apiservice.us19.list-manage.com\/track\/click?u=d1f6a3850d064e89ce3467d45&amp;id=37e0cb7130&amp;e=8b293d2e6a\" target=\"_blank\" rel=\"noreferrer noopener\">Wie teilnehmen?<\/a><br>Die Online Live-Veranstaltungen werden alle aufgezeichnet. Sind Sie an einer Veranstaltung verhindert, k\u00f6nnen Sie sich die Aufzeichnung bis ca. 2&nbsp;Monate nach dem Anlass anschauen (dazu einfach den Teilnahmelink anklicken).<\/p>\n\n\n\n<div class=\"wp-block-buttons is-layout-flex wp-block-buttons-is-layout-flex\">\n<div class=\"wp-block-button is-style-primary\"><a class=\"wp-block-button__link\" href=\"https:\/\/apiservice.us19.list-manage.com\/track\/click?u=d1f6a3850d064e89ce3467d45&amp;id=f3afce8aed&amp;e=8b293d2e6a\" target=\"_blank\" rel=\"noreferrer noopener\">Merkbl\u00e4tter, Betriebskonzept-Vorlage und Kurzfilme<\/a><\/div>\n<\/div>\n\n\n\n<p>Quelle: Apiservice Newsletter<\/p>\n","protected":false},"excerpt":{"rendered":"<p>Wegen dem aktuell sehr wechselhaften Wetter und den mitunter tiefen Temperaturen, sind die Futtervorr\u00e4te je nach Region teilweise knapp geworden. \u00dcberpr\u00fcfen Sie jetzt bitte all Ihre V\u00f6lker. Bei Futterknappheit sind die Bienen umgehend zu f\u00fcttern, am besten mit betriebseigenem Honig oder Reserve-Futterwaben. Merkblatt 4.2. F\u00fctterung N\u00e4chste Online Live-Veranstaltungen Der BGD bietet \u00fcbers Internet kurze Weiterbildungssequenzen&hellip;&nbsp;<a href=\"https:\/\/imker-hinwil.ch\/?p=1655\" rel=\"bookmark\">Weiterlesen &raquo;<span class=\"screen-reader-text\">Futtervorr\u00e4te \u00fcberpr\u00fcfen<\/span><\/a><\/p>\n","protected":false},"author":7,"featured_media":1656,"comment_status":"closed","ping_status":"open","sticky":false,"template":"","format":"standard","meta":{"neve_meta_sidebar":"","neve_meta_container":"","neve_meta_enable_content_width":"","neve_meta_content_width":0,"neve_meta_title_alignment":"","neve_meta_author_avatar":"","neve_post_elements_order":"","neve_meta_disable_header":"","neve_meta_disable_footer":"","neve_meta_disable_title":"","footnotes":""},"categories":[1],"tags":[24],"class_list":["post-1655","post","type-post","status-publish","format-standard","has-post-thumbnail","hentry","category-uncategorized","tag-futterkontrolle"],"_links":{"self":[{"href":"https:\/\/imker-hinwil.ch\/index.php?rest_route=\/wp\/v2\/posts\/1655","targetHints":{"allow":["GET"]}}],"collection":[{"href":"https:\/\/imker-hinwil.ch\/index.php?rest_route=\/wp\/v2\/posts"}],"about":[{"href":"https:\/\/imker-hinwil.ch\/index.php?rest_route=\/wp\/v2\/types\/post"}],"author":[{"embeddable":true,"href":"https:\/\/imker-hinwil.ch\/index.php?rest_route=\/wp\/v2\/users\/7"}],"replies":[{"embeddable":true,"href":"https:\/\/imker-hinwil.ch\/index.php?rest_route=%2Fwp%2Fv2%2Fcomments&post=1655"}],"version-history":[{"count":2,"href":"https:\/\/imker-hinwil.ch\/index.php?rest_route=\/wp\/v2\/posts\/1655\/revisions"}],"predecessor-version":[{"id":1737,"href":"https:\/\/imker-hinwil.ch\/index.php?rest_route=\/wp\/v2\/posts\/1655\/revisions\/1737"}],"wp:featuredmedia":[{"embeddable":true,"href":"https:\/\/imker-hinwil.ch\/index.php?rest_route=\/wp\/v2\/media\/1656"}],"wp:attachment":[{"href":"https:\/\/imker-hinwil.ch\/index.php?rest_route=%2Fwp%2Fv2%2Fmedia&parent=1655"}],"wp:term":[{"taxonomy":"category","embeddable":true,"href":"https:\/\/imker-hinwil.ch\/index.php?rest_route=%2Fwp%2Fv2%2Fcategories&post=1655"},{"taxonomy":"post_tag","embeddable":true,"href":"https:\/\/imker-hinwil.ch\/index.php?rest_route=%2Fwp%2Fv2%2Ftags&post=1655"}],"curies":[{"name":"wp","href":"https:\/\/api.w.org\/{rel}","templated":true}]}}