{"id":1291,"date":"2022-12-21T19:07:48","date_gmt":"2022-12-21T18:07:48","guid":{"rendered":"https:\/\/imker-hinwil.ch\/?p=1291"},"modified":"2022-12-21T19:07:51","modified_gmt":"2022-12-21T18:07:51","slug":"kontrolle-futtervorraeteund-neues-video","status":"publish","type":"post","link":"https:\/\/imker-hinwil.ch\/?p=1291","title":{"rendered":"Kontrolle Futtervorr\u00e4te<br>und neues Video&nbsp;"},"content":{"rendered":"\n<figure class=\"wp-block-image size-large is-resized\"><img loading=\"lazy\" decoding=\"async\" src=\"https:\/\/imker-hinwil.ch\/wp-content\/uploads\/2022\/12\/image-1-1024x546.png\" alt=\"\" class=\"wp-image-1292\" width=\"512\" height=\"273\" srcset=\"https:\/\/imker-hinwil.ch\/wp-content\/uploads\/2022\/12\/image-1-1024x546.png 1024w, https:\/\/imker-hinwil.ch\/wp-content\/uploads\/2022\/12\/image-1-300x160.png 300w, https:\/\/imker-hinwil.ch\/wp-content\/uploads\/2022\/12\/image-1-768x410.png 768w, https:\/\/imker-hinwil.ch\/wp-content\/uploads\/2022\/12\/image-1-1536x819.png 1536w, https:\/\/imker-hinwil.ch\/wp-content\/uploads\/2022\/12\/image-1-2048x1092.png 2048w, https:\/\/imker-hinwil.ch\/wp-content\/uploads\/2022\/12\/image-1-1320x704.png 1320w\" sizes=\"auto, (max-width: 512px) 100vw, 512px\" \/><\/figure>\n\n\n\n<p><\/p>\n\n\n\n<h3 class=\"wp-block-heading\">Futtervorr\u00e4te kontrollieren<\/h3>\n\n\n\n<p>Der milde Herbst hat dazu gef\u00fchrt  , dass die V\u00f6lker in einigen Regionen bereits viele Futtervorr\u00e4te verbraucht haben. Es empfiehlt sich auf den Unterlagen zu kontrollieren  , ob die Bienen noch Futter umtragen (erkennbar an frischen Wachskr\u00fcmeln vom \u00d6ffnen der Zellen). \u00a0Im Zweifelsfall sollte sicherheitshalber ein Futterteig auf die Wabenschenkel gelegt werden.<\/p>\n\n\n\n<figure class=\"wp-block-image size-full is-resized\"><img loading=\"lazy\" decoding=\"async\" src=\"https:\/\/imker-hinwil.ch\/wp-content\/uploads\/2022\/12\/image-2.png\" alt=\"\" class=\"wp-image-1293\" width=\"612\" height=\"326\" srcset=\"https:\/\/imker-hinwil.ch\/wp-content\/uploads\/2022\/12\/image-2.png 612w, https:\/\/imker-hinwil.ch\/wp-content\/uploads\/2022\/12\/image-2-300x160.png 300w\" sizes=\"auto, (max-width: 612px) 100vw, 612px\" \/><\/figure>\n\n\n\n<p><\/p>\n\n\n\n<h3 class=\"wp-block-heading\">Neues Video<\/h3>\n\n\n\n<p>Das neue Handyvideo \u00abF\u00fctterung\u00bb ist ab sofort\u00a0<a rel=\"noreferrer noopener\" href=\"https:\/\/apiservice.us19.list-manage.com\/track\/click?u=d1f6a3850d064e89ce3467d45&amp;id=ea37cdac7f&amp;e=8b293d2e6a\" target=\"_blank\">online<\/a>\u00a0verf\u00fcgbar. Es zeigt das Wichtigste zum Thema im Jahresverlauf. Auf dem Internetportal\u00a0<a href=\"http:\/\/bienen.ch\/\">bienen.ch<\/a>\u00a0findet sich das Video nach den Merkbl\u00e4ttern und Kurzfilmen unter\u00a0<a rel=\"noreferrer noopener\" href=\"https:\/\/apiservice.us19.list-manage.com\/track\/click?u=d1f6a3850d064e89ce3467d45&amp;id=48e3896dcd&amp;e=8b293d2e6a\" target=\"_blank\">www.bienen.ch\/merkblatt<\/a>.<\/p>\n\n\n\n<h3 class=\"wp-block-heading\">N\u00e4chste online Live-Veranstaltungen<\/h3>\n\n\n\n<p>Der BGD bietet \u00fcbers Internet kurze Weiterbildungssequenzen \u00e0 ca. 30 Minuten an.<br>Die n\u00e4chsten Anl\u00e4sse:<br>12.01.2023, 19:00 Uhr:\u00a0<a rel=\"noreferrer noopener\" href=\"https:\/\/apiservice.us19.list-manage.com\/track\/click?u=d1f6a3850d064e89ce3467d45&amp;id=34e283242e&amp;e=8b293d2e6a\" target=\"_blank\">Jahresplanung\u00a0<\/a><br>09.02.2023  , 19:00 Uhr:\u00a0<a rel=\"noreferrer noopener\" href=\"https:\/\/apiservice.us19.list-manage.com\/track\/click?u=d1f6a3850d064e89ce3467d45&amp;id=edabe3a943&amp;e=8b293d2e6a\" target=\"_blank\">Futterkontrolle und F\u00fctterung<\/a><br>09.03.2023, 19:00 Uhr:\u00a0<a rel=\"noreferrer noopener\" href=\"https:\/\/apiservice.us19.list-manage.com\/track\/click?u=d1f6a3850d064e89ce3467d45&amp;id=7f06dcac84&amp;e=8b293d2e6a\" target=\"_blank\">Naturwabenbau<\/a><br><br><a rel=\"noreferrer noopener\" href=\"https:\/\/apiservice.us19.list-manage.com\/track\/click?u=d1f6a3850d064e89ce3467d45&amp;id=0cb784eefc&amp;e=8b293d2e6a\" target=\"_blank\">Wie teilnehmen?<\/a><br>Die Online Live-Veranstaltungen werden alle aufgezeichnet. Sind Sie an einer Veranstaltung verhindert, k\u00f6nnen Sie sich die Aufzeichnung bis ca. 2\u00a0Monate nach dem Anlass anschauen (dazu einfach den Teilnahmelink anklicken).<\/p>\n\n\n\n<div class=\"wp-block-buttons is-layout-flex wp-block-buttons-is-layout-flex\">\n<div class=\"wp-block-button is-style-primary\"><a class=\"wp-block-button__link\" href=\"https:\/\/apiservice.us19.list-manage.com\/track\/click?u=d1f6a3850d064e89ce3467d45&amp;id=f3afce8aed&amp;e=8b293d2e6a\" target=\"_blank\" rel=\"noreferrer noopener\">Merkbl\u00e4tter, Betriebskonzept-Vorlage und Kurzfilme<\/a><\/div>\n<\/div>\n","protected":false},"excerpt":{"rendered":"<p>Futtervorr\u00e4te kontrollieren Der milde Herbst hat dazu gef\u00fchrt , dass die V\u00f6lker in einigen Regionen bereits viele Futtervorr\u00e4te verbraucht haben. Es empfiehlt sich auf den Unterlagen zu kontrollieren , ob die Bienen noch Futter umtragen (erkennbar an frischen Wachskr\u00fcmeln vom \u00d6ffnen der Zellen). \u00a0Im Zweifelsfall sollte sicherheitshalber ein Futterteig auf die Wabenschenkel gelegt werden. Neues&hellip;&nbsp;<a href=\"https:\/\/imker-hinwil.ch\/?p=1291\" rel=\"bookmark\">Weiterlesen &raquo;<span class=\"screen-reader-text\">Kontrolle Futtervorr\u00e4te<br \/>und neues Video&nbsp;<\/span><\/a><\/p>\n","protected":false},"author":7,"featured_media":1292,"comment_status":"closed","ping_status":"open","sticky":false,"template":"","format":"standard","meta":{"neve_meta_sidebar":"","neve_meta_container":"","neve_meta_enable_content_width":"","neve_meta_content_width":0,"neve_meta_title_alignment":"","neve_meta_author_avatar":"","neve_post_elements_order":"","neve_meta_disable_header":"","neve_meta_disable_footer":"","neve_meta_disable_title":"","footnotes":""},"categories":[1],"tags":[74,24],"class_list":["post-1291","post","type-post","status-publish","format-standard","has-post-thumbnail","hentry","category-uncategorized","tag-futter","tag-futterkontrolle"],"_links":{"self":[{"href":"https:\/\/imker-hinwil.ch\/index.php?rest_route=\/wp\/v2\/posts\/1291","targetHints":{"allow":["GET"]}}],"collection":[{"href":"https:\/\/imker-hinwil.ch\/index.php?rest_route=\/wp\/v2\/posts"}],"about":[{"href":"https:\/\/imker-hinwil.ch\/index.php?rest_route=\/wp\/v2\/types\/post"}],"author":[{"embeddable":true,"href":"https:\/\/imker-hinwil.ch\/index.php?rest_route=\/wp\/v2\/users\/7"}],"replies":[{"embeddable":true,"href":"https:\/\/imker-hinwil.ch\/index.php?rest_route=%2Fwp%2Fv2%2Fcomments&post=1291"}],"version-history":[{"count":1,"href":"https:\/\/imker-hinwil.ch\/index.php?rest_route=\/wp\/v2\/posts\/1291\/revisions"}],"predecessor-version":[{"id":1294,"href":"https:\/\/imker-hinwil.ch\/index.php?rest_route=\/wp\/v2\/posts\/1291\/revisions\/1294"}],"wp:featuredmedia":[{"embeddable":true,"href":"https:\/\/imker-hinwil.ch\/index.php?rest_route=\/wp\/v2\/media\/1292"}],"wp:attachment":[{"href":"https:\/\/imker-hinwil.ch\/index.php?rest_route=%2Fwp%2Fv2%2Fmedia&parent=1291"}],"wp:term":[{"taxonomy":"category","embeddable":true,"href":"https:\/\/imker-hinwil.ch\/index.php?rest_route=%2Fwp%2Fv2%2Fcategories&post=1291"},{"taxonomy":"post_tag","embeddable":true,"href":"https:\/\/imker-hinwil.ch\/index.php?rest_route=%2Fwp%2Fv2%2Ftags&post=1291"}],"curies":[{"name":"wp","href":"https:\/\/api.w.org\/{rel}","templated":true}]}}